{"id":567,"date":"2022-04-03T12:31:22","date_gmt":"2022-04-03T12:31:22","guid":{"rendered":"http:\/\/www.druidyzm.pl\/?p=567"},"modified":"2023-05-26T09:12:10","modified_gmt":"2023-05-26T09:12:10","slug":"badz-swoim-mistrzem","status":"publish","type":"post","link":"https:\/\/www.druidyzm.pl\/?p=567","title":{"rendered":"B\u0105d\u017a swoim mistrzem"},"content":{"rendered":"\n<p>Poruszaj\u0105c tematy zwi\u0105zane z duchowo\u015bci\u0105, rozwojem duchowym b\u0105d\u017a po prostu z tym jak odczuwamy to co nas otacza, nie mo\u017cna pomin\u0105\u0107 najwa\u017cniejszej kwestii.<\/p>\n\n\n\n<p>Wiele dzisiejszych &#8222;mistrz\u00f3w&#8221; i &#8211; nazwijmy ich umownie przewodnikami &#8211; kreuje si\u0119 na wielko\u015b\u0107 i przer\u00f3\u017cne specjalizacje. Nie ma w tym nic z\u0142ego. Oczywi\u015bcie dop\u00f3ki robi\u0105 to dla w\u0142asnego ego i nie pior\u0105 umys\u0142\u00f3w ani system\u00f3w warto\u015bci innych ludzi. A to z moich obserwacji prawdziwa rzadko\u015b\u0107.<\/p>\n\n\n\n<p>Wielu z tych kreator\u00f3w zapomina, \u017ce poza internetowym \u015bwiatem, poza grupami na fejsie istnieje co\u015b takiego jak praktyka.<\/p>\n\n\n\n<p>Praktyka nie szuka poklasku, lajk\u00f3w ani nawet zdj\u0119\u0107. Jest uzewn\u0119trznieniem naszej g\u0142\u0119bokiej i wewn\u0119trznej duchowo\u015bci. Jest osobista, intymna i magiczna. To czas kiedy zg\u0142\u0119biamy sens naszego istnienia, obcujemy z bogami i duchami. Odbiciem mojej praktyki s\u0105 tworzone przeze mnie tre\u015bci i praktycznie wszystko to co widzicie na moich stronach, grupach i profilu.Jednak poza inspiracj\u0105, kt\u00f3r\u0105 lubi\u0119 si\u0119 dzieli\u0107, jest pewna regu\u0142a, o kt\u00f3rej zapominaj\u0105 wspomniani wcze\u015bniej kreatorzy, a kt\u00f3r\u0105 sam uznaje od wielu lat. Mam na my\u015bli powtarzane przeze mnie do znudzenia &#8211; wy\u017cszo\u015b\u0107 umys\u0142u nad cia\u0142em. Nasz umys\u0142, nasza \u015bwiadomo\u015b\u0107, ten skomplikowany tw\u00f3r wewn\u0105trz nas, stanowi pot\u0119\u017cn\u0105 machin\u0119, kt\u00f3ra zdolna jest do wspania\u0142ych akt\u00f3w woli i dzia\u0142a\u0144. Niestety, sama teoria i tytu\u0142owanie si\u0119, a nawet inicjacja nie sprawi, \u017ce staniemy si\u0119 kim\u015b wyj\u0105tkowym. Nasz warsztat jest tylko w naszych r\u0119kach. Dlatego codzienna medytacja i nasza w\u0142asna praktyka jest tak wa\u017cna. To ona uczy nas kontroli i dyscypliny, aby w naszych podr\u00f3\u017cach duchowych wy\u0142\u0105czy\u0107 potrzeby cia\u0142a i skupi\u0107 si\u0119 tylko na potrzebach ducha. By \u017cadne fizyczne pragnienie i potrzeba nie cofa\u0142a nas i nie odwraca\u0142a naszej uwagi od celu. Panowanie umys\u0142u nad cia\u0142em jest koniecznym krokiem, by osi\u0105gn\u0105\u0107 r\u00f3wnowag\u0119 oraz efekty w zg\u0142\u0119bianiu w\u0142asnej duchowo\u015bci.<\/p>\n\n\n\n<p>Pami\u0119tajcie te\u017c, \u017ce nasze my\u015bli i nastawienie maj\u0105 wielk\u0105 moc tw\u00f3rcz\u0105. Dzia\u0142ajcie w zgodzie z samym sob\u0105 i zr\u00f3bcie u\u017cytek z mocy jak\u0105 macie w sobie.<\/p>\n\n\n<div class=\"wp-block-image\">\n<figure class=\"aligncenter is-resized\"><img loading=\"lazy\" decoding=\"async\" src=\"http:\/\/www.druidyzm.pl\/wp-content\/uploads\/2022\/04\/89851118_3196615627229286_3790944100606279680_n.jpg\" alt=\"\" class=\"wp-image-569\" width=\"413\" height=\"346\" srcset=\"https:\/\/www.druidyzm.pl\/wp-content\/uploads\/2022\/04\/89851118_3196615627229286_3790944100606279680_n.jpg 940w, https:\/\/www.druidyzm.pl\/wp-content\/uploads\/2022\/04\/89851118_3196615627229286_3790944100606279680_n-300x251.jpg 300w, https:\/\/www.druidyzm.pl\/wp-content\/uploads\/2022\/04\/89851118_3196615627229286_3790944100606279680_n-768x644.jpg 768w, https:\/\/www.druidyzm.pl\/wp-content\/uploads\/2022\/04\/89851118_3196615627229286_3790944100606279680_n-520x436.jpg 520w, https:\/\/www.druidyzm.pl\/wp-content\/uploads\/2022\/04\/89851118_3196615627229286_3790944100606279680_n-740x620.jpg 740w\" sizes=\"auto, (max-width: 413px) 100vw, 413px\" \/><\/figure><\/div>\n\n\n<p class=\"has-text-align-right\"><strong><strong>Druid Emrys Kosek \/|\\<\/strong><\/strong><\/p>\n","protected":false},"excerpt":{"rendered":"<p>Poruszaj\u0105c tematy zwi\u0105zane z duchowo\u015bci\u0105, rozwojem duchowym b\u0105d\u017a po prostu z tym jak odczuwamy to co nas otacza, nie mo\u017cna pomin\u0105\u0107 najwa\u017cniejszej kwestii. Wiele dzisiejszych &#8222;mistrz\u00f3w&#8221; i &#8211; nazwijmy ich umownie przewodnikami &#8211; kreuje si\u0119<a class=\"read-more\" href=\"https:\/\/www.druidyzm.pl\/?p=567\">Continue reading<\/a><\/p>\n","protected":false},"author":1,"featured_media":568,"comment_status":"closed","ping_status":"open","sticky":false,"template":"","format":"standard","meta":{"ngg_post_thumbnail":0,"footnotes":""},"categories":[1],"tags":[4,7,8,94,81,44,93,95],"class_list":["post-567","post","type-post","status-publish","format-standard","has-post-thumbnail","hentry","category-uncategorized","tag-druid","tag-druidyzm","tag-emrys","tag-ezoteryka","tag-magia","tag-mistrz","tag-mistrzowie","tag-okultyzm"],"_links":{"self":[{"href":"https:\/\/www.druidyzm.pl\/index.php?rest_route=\/wp\/v2\/posts\/567","targetHints":{"allow":["GET"]}}],"collection":[{"href":"https:\/\/www.druidyzm.pl\/index.php?rest_route=\/wp\/v2\/posts"}],"about":[{"href":"https:\/\/www.druidyzm.pl\/index.php?rest_route=\/wp\/v2\/types\/post"}],"author":[{"embeddable":true,"href":"https:\/\/www.druidyzm.pl\/index.php?rest_route=\/wp\/v2\/users\/1"}],"replies":[{"embeddable":true,"href":"https:\/\/www.druidyzm.pl\/index.php?rest_route=%2Fwp%2Fv2%2Fcomments&post=567"}],"version-history":[{"count":2,"href":"https:\/\/www.druidyzm.pl\/index.php?rest_route=\/wp\/v2\/posts\/567\/revisions"}],"predecessor-version":[{"id":1074,"href":"https:\/\/www.druidyzm.pl\/index.php?rest_route=\/wp\/v2\/posts\/567\/revisions\/1074"}],"wp:featuredmedia":[{"embeddable":true,"href":"https:\/\/www.druidyzm.pl\/index.php?rest_route=\/wp\/v2\/media\/568"}],"wp:attachment":[{"href":"https:\/\/www.druidyzm.pl\/index.php?rest_route=%2Fwp%2Fv2%2Fmedia&parent=567"}],"wp:term":[{"taxonomy":"category","embeddable":true,"href":"https:\/\/www.druidyzm.pl\/index.php?rest_route=%2Fwp%2Fv2%2Fcategories&post=567"},{"taxonomy":"post_tag","embeddable":true,"href":"https:\/\/www.druidyzm.pl\/index.php?rest_route=%2Fwp%2Fv2%2Ftags&post=567"}],"curies":[{"name":"wp","href":"https:\/\/api.w.org\/{rel}","templated":true}]}}