{"id":562,"date":"2022-04-03T09:00:50","date_gmt":"2022-04-03T09:00:50","guid":{"rendered":"http:\/\/www.druidyzm.pl\/?p=562"},"modified":"2023-05-26T09:12:18","modified_gmt":"2023-05-26T09:12:18","slug":"zyciowe-plony","status":"publish","type":"post","link":"https:\/\/www.druidyzm.pl\/?p=562","title":{"rendered":"\u017byciowe plony"},"content":{"rendered":"\n<p>Dla wsp\u00f3\u0142czesnych ludzi \u017cniwa i zbiory kojarz\u0105 si\u0119 do\u015b\u0107 archaicznie. Ludzie \u017cyj\u0105cy w miastach  coraz bardziej oddalaj\u0105 si\u0119 od Natury. Cho\u0107 tylko fizycznie. W dalszym ci\u0105gu mo\u017cemy obchodzi\u0107 \u015awi\u0119to Plon\u00f3w, kt\u00f3re jest nie tylko zwr\u00f3ceniem uwagi na pochodzenie jedzenia na sklepowej p\u00f3\u0142ce. Nie chodzi te\u017c jedynie o oddanie czci za otrzymane p\u0142ody rolne \u2013 ale r\u00f3wnie\u017c za wszystko to co zbierzemy w naszym \u017cyciu \u2013 efekty (p\u0142ody) naszej pracy tw\u00f3rczej, zawodowej, artystycznej czy jakiejkolwiek innej.<\/p>\n\n\n\n<p>Ka\u017cde dawne \u015awi\u0119to ma swoje znaczenie w psychologii cz\u0142owieka. Dla naszych przodk\u00f3w, zwi\u0105zek pomi\u0119dzy ich \u017cyciem, ich \u201eby\u0107 albo nie by\u0107\u201d, a Natur\u0105 i otaczaj\u0105cym \u015bwiatem by\u0142 bardzo silny. Dzisiaj wci\u0105\u017c mo\u017cemy czerpa\u0107 z dawnych m\u0105dro\u015bci.<\/p>\n\n\n\n<p>Wiosn\u0105, gdy wszystko budzi si\u0119 do \u017cycia nastaje czas zasiewu. Podobnie jak z upraw\u0105 ro\u015blin, kt\u00f3re w odpowiednim czasie obrodz\u0105 nam swoimi darami w postaci owoc\u00f3w \u2013 mo\u017cemy zasia\u0107 w\u0142asne plony. Nie tylko w ogrodzie ale r\u00f3wnie\u017c w naszym \u017cyciu. Po odpowiednim czasie \u2013 nastaje czas \u017cniw i wszystko to co zasiali\u015bmy \u2013 b\u0119dzie mog\u0142o by\u0107 zebrane.<\/p>\n\n\n\n<p>Gdy nadchodzi jesie\u0144 \u2013 przychodzi r\u00f3wnie\u017c obumieranie i ciemno\u015b\u0107. Jednak ten czas marazmu jest czasem odpoczynku cia\u0142a i fizyczno\u015bci \u2013 zamykamy si\u0119 w ciep\u0142ych domach by podr\u00f3\u017cowa\u0107 duchem.<\/p>\n\n\n\n<p><em>Owocnych Plon\u00f3w!<\/em><\/p>\n\n\n<div class=\"wp-block-image\">\n<figure class=\"aligncenter is-resized\"><img loading=\"lazy\" decoding=\"async\" src=\"http:\/\/www.druidyzm.pl\/wp-content\/uploads\/2022\/04\/120091210_3390321867858660_682258137936923482_n-1024x768.jpg\" alt=\"\" class=\"wp-image-565\" width=\"481\" height=\"361\" srcset=\"https:\/\/www.druidyzm.pl\/wp-content\/uploads\/2022\/04\/120091210_3390321867858660_682258137936923482_n-1024x768.jpg 1024w, https:\/\/www.druidyzm.pl\/wp-content\/uploads\/2022\/04\/120091210_3390321867858660_682258137936923482_n-300x225.jpg 300w, https:\/\/www.druidyzm.pl\/wp-content\/uploads\/2022\/04\/120091210_3390321867858660_682258137936923482_n-768x576.jpg 768w, https:\/\/www.druidyzm.pl\/wp-content\/uploads\/2022\/04\/120091210_3390321867858660_682258137936923482_n-520x390.jpg 520w, https:\/\/www.druidyzm.pl\/wp-content\/uploads\/2022\/04\/120091210_3390321867858660_682258137936923482_n-740x555.jpg 740w, https:\/\/www.druidyzm.pl\/wp-content\/uploads\/2022\/04\/120091210_3390321867858660_682258137936923482_n.jpg 1080w\" sizes=\"auto, (max-width: 481px) 100vw, 481px\" \/><\/figure><\/div>\n\n\n<p class=\"has-text-align-right\"><strong>Druid Emrys Kosek \/|\\<\/strong><\/p>\n\n\n\n<p><\/p>\n","protected":false},"excerpt":{"rendered":"<p>Dla wsp\u00f3\u0142czesnych ludzi \u017cniwa i zbiory kojarz\u0105 si\u0119 do\u015b\u0107 archaicznie. Ludzie \u017cyj\u0105cy w miastach coraz bardziej oddalaj\u0105 si\u0119 od Natury. Cho\u0107 tylko fizycznie. W dalszym ci\u0105gu mo\u017cemy obchodzi\u0107 \u015awi\u0119to Plon\u00f3w, kt\u00f3re jest nie tylko zwr\u00f3ceniem<a class=\"read-more\" href=\"https:\/\/www.druidyzm.pl\/?p=562\">Continue reading<\/a><\/p>\n","protected":false},"author":1,"featured_media":563,"comment_status":"closed","ping_status":"open","sticky":false,"template":"","format":"standard","meta":{"ngg_post_thumbnail":0,"footnotes":""},"categories":[1],"tags":[4,7,8,90,59,92],"class_list":["post-562","post","type-post","status-publish","format-standard","has-post-thumbnail","hentry","category-uncategorized","tag-druid","tag-druidyzm","tag-emrys","tag-madrosc","tag-plony","tag-zbiory"],"_links":{"self":[{"href":"https:\/\/www.druidyzm.pl\/index.php?rest_route=\/wp\/v2\/posts\/562","targetHints":{"allow":["GET"]}}],"collection":[{"href":"https:\/\/www.druidyzm.pl\/index.php?rest_route=\/wp\/v2\/posts"}],"about":[{"href":"https:\/\/www.druidyzm.pl\/index.php?rest_route=\/wp\/v2\/types\/post"}],"author":[{"embeddable":true,"href":"https:\/\/www.druidyzm.pl\/index.php?rest_route=\/wp\/v2\/users\/1"}],"replies":[{"embeddable":true,"href":"https:\/\/www.druidyzm.pl\/index.php?rest_route=%2Fwp%2Fv2%2Fcomments&post=562"}],"version-history":[{"count":3,"href":"https:\/\/www.druidyzm.pl\/index.php?rest_route=\/wp\/v2\/posts\/562\/revisions"}],"predecessor-version":[{"id":1075,"href":"https:\/\/www.druidyzm.pl\/index.php?rest_route=\/wp\/v2\/posts\/562\/revisions\/1075"}],"wp:featuredmedia":[{"embeddable":true,"href":"https:\/\/www.druidyzm.pl\/index.php?rest_route=\/wp\/v2\/media\/563"}],"wp:attachment":[{"href":"https:\/\/www.druidyzm.pl\/index.php?rest_route=%2Fwp%2Fv2%2Fmedia&parent=562"}],"wp:term":[{"taxonomy":"category","embeddable":true,"href":"https:\/\/www.druidyzm.pl\/index.php?rest_route=%2Fwp%2Fv2%2Fcategories&post=562"},{"taxonomy":"post_tag","embeddable":true,"href":"https:\/\/www.druidyzm.pl\/index.php?rest_route=%2Fwp%2Fv2%2Ftags&post=562"}],"curies":[{"name":"wp","href":"https:\/\/api.w.org\/{rel}","templated":true}]}}