{"id":475,"date":"2022-02-25T22:54:04","date_gmt":"2022-02-25T22:54:04","guid":{"rendered":"http:\/\/www.druidyzm.pl\/?p=475"},"modified":"2022-02-25T22:54:05","modified_gmt":"2022-02-25T22:54:05","slug":"lato-vs-zima-swiatlo-vs-mrok","status":"publish","type":"post","link":"https:\/\/www.druidyzm.pl\/?p=475","title":{"rendered":"Lato vs zima \/ \u015awiat\u0142o vs mrok"},"content":{"rendered":"\n<p><em> B\u0119d\u0105c w ciemno\u015bci, musimy polega\u0107 na w\u0142asnym \u015bwietle.<\/em><\/p>\n\n\n\n<p>Tak, tak &#8211; brzmi to bardzo patetycznie. <\/p>\n\n\n\n<p>Has\u0142a dotycz\u0105ce \u015bwiat\u0142a i ciemno\u015bci doprawione motywacyjnym przekazem s\u0105 ju\u017c wr\u0119cz wy\u015bwiechtane. C\u00f3\u017c&#8230; Na pewno nadu\u017cywane. Czasami jednak lubi\u0119 si\u0119ga\u0107 po takie proste kombinacje. One niekiedy dzia\u0142aj\u0105 lepiej na pod\u015bwiadomo\u015b\u0107 ni\u017c wymy\u015blne i zadziwiaj\u0105ce s\u0142owa. <\/p>\n\n\n\n<p>Zbli\u017camy si\u0119 do kolejnego w roku spotkania dw\u00f3ch przeciwie\u0144stw. Wraz ze spadaj\u0105cymi li\u015b\u0107mi i temperatur\u0105 wkraczamy powoli w ciemn\u0105 cz\u0119\u015b\u0107 roku. I cho\u0107 ten wsz\u0119dobylski mrok, to przenikliwe zimno i obumieranie natury bywa dla wielu do\u0142uj\u0105ce &#8211; to wci\u0105\u017c jest w tym nic innego jak moja ulubiona i stawiana na o\u0142tarzach&#8230; R\u00d3WNOWAGA. Wraz z odej\u015bciem lata i \u015bwiat\u0142a mieli\u015bmy okazj\u0119 zazna\u0107 dobra Plon\u00f3w, kosztowa\u0107 dar\u00f3w i owoc\u00f3w swojej pracy. Zar\u00f3wno tej ogr\u00f3dkowej jak i \u017cyciowej. Teraz \u015bwiat przygotowuje si\u0119 do odpoczynku, do otulenia w b\u0142ogiej ciemno\u015bci, wilgotnej i ciemnej jak sama ziemia. Ale to w\u0142a\u015bnie w czasie trwania tej pory, w kulminacyjnym momencie jej Kr\u00f3lowania &#8211; odrodzi si\u0119 nowe \u015bwiat\u0142o i nadzieja. Do najd\u0142u\u017cszej nocy jeszcze jednak d\u0142ugo&#8230;<\/p>\n\n\n\n<p> Teraz &#8211; u progu zmiany, gdy zas\u0142ona pomi\u0119dzy \u015bwiatami staje si\u0119 coraz cie\u0144sza &#8211; pami\u0119tajmy o naszych przodkach. Dbaj\u0105c o te po\u0142\u0105czenie, dbamy nie tylko o ich pami\u0119\u0107, nie tylko o tradycje &#8211; ale r\u00f3wnie\u017c o siebie samych. Wci\u0105\u017c mo\u017cemy korzysta\u0107 z m\u0105dro\u015bci i przewodnictwa przodk\u00f3w. Bez tych korzeni, bez pami\u0119ci o nich &#8211; nie mogliby\u015bmy by\u0107 sob\u0105.<\/p>\n\n\n\n<p>Korzenie poniek\u0105d s\u0105 nasz\u0105 to\u017csamo\u015bci\u0105, s\u0105 tym co nas kszta\u0142tuje. Nas i przysz\u0142e pokolenia.<\/p>\n\n\n\n<p>Z moc\u0105 inspiracji,<\/p>\n\n\n\n<p>Emrys \/|\\ <\/p>\n","protected":false},"excerpt":{"rendered":"<p>B\u0119d\u0105c w ciemno\u015bci, musimy polega\u0107 na w\u0142asnym \u015bwietle. Tak, tak &#8211; brzmi to bardzo patetycznie. Has\u0142a dotycz\u0105ce \u015bwiat\u0142a i ciemno\u015bci doprawione motywacyjnym przekazem s\u0105 ju\u017c wr\u0119cz wy\u015bwiechtane. C\u00f3\u017c&#8230; Na pewno nadu\u017cywane. Czasami jednak lubi\u0119 si\u0119ga\u0107<a class=\"read-more\" href=\"https:\/\/www.druidyzm.pl\/?p=475\">Continue reading<\/a><\/p>\n","protected":false},"author":1,"featured_media":476,"comment_status":"closed","ping_status":"open","sticky":false,"template":"","format":"standard","meta":{"ngg_post_thumbnail":0,"footnotes":""},"categories":[1],"tags":[7,39,8,46,31,68,41,47],"class_list":["post-475","post","type-post","status-publish","format-standard","has-post-thumbnail","hentry","category-uncategorized","tag-druidyzm","tag-druidzi","tag-emrys","tag-mrok","tag-rownonoc","tag-rownowaga","tag-rytualy","tag-swiatlo"],"_links":{"self":[{"href":"https:\/\/www.druidyzm.pl\/index.php?rest_route=\/wp\/v2\/posts\/475","targetHints":{"allow":["GET"]}}],"collection":[{"href":"https:\/\/www.druidyzm.pl\/index.php?rest_route=\/wp\/v2\/posts"}],"about":[{"href":"https:\/\/www.druidyzm.pl\/index.php?rest_route=\/wp\/v2\/types\/post"}],"author":[{"embeddable":true,"href":"https:\/\/www.druidyzm.pl\/index.php?rest_route=\/wp\/v2\/users\/1"}],"replies":[{"embeddable":true,"href":"https:\/\/www.druidyzm.pl\/index.php?rest_route=%2Fwp%2Fv2%2Fcomments&post=475"}],"version-history":[{"count":1,"href":"https:\/\/www.druidyzm.pl\/index.php?rest_route=\/wp\/v2\/posts\/475\/revisions"}],"predecessor-version":[{"id":477,"href":"https:\/\/www.druidyzm.pl\/index.php?rest_route=\/wp\/v2\/posts\/475\/revisions\/477"}],"wp:featuredmedia":[{"embeddable":true,"href":"https:\/\/www.druidyzm.pl\/index.php?rest_route=\/wp\/v2\/media\/476"}],"wp:attachment":[{"href":"https:\/\/www.druidyzm.pl\/index.php?rest_route=%2Fwp%2Fv2%2Fmedia&parent=475"}],"wp:term":[{"taxonomy":"category","embeddable":true,"href":"https:\/\/www.druidyzm.pl\/index.php?rest_route=%2Fwp%2Fv2%2Fcategories&post=475"},{"taxonomy":"post_tag","embeddable":true,"href":"https:\/\/www.druidyzm.pl\/index.php?rest_route=%2Fwp%2Fv2%2Ftags&post=475"}],"curies":[{"name":"wp","href":"https:\/\/api.w.org\/{rel}","templated":true}]}}