{"id":289,"date":"2021-05-21T21:02:17","date_gmt":"2021-05-21T21:02:17","guid":{"rendered":"http:\/\/www.druidyzm.pl\/?p=289"},"modified":"2022-02-25T21:17:36","modified_gmt":"2022-02-25T21:17:36","slug":"kim-jest-druid","status":"publish","type":"post","link":"https:\/\/www.druidyzm.pl\/?p=289","title":{"rendered":"Kim jest DRUID?"},"content":{"rendered":"\n<p> W czasach staro\u017cytnych druid by\u0142 filozofem, doradc\u0105, nauczycielem i magiem. Cho\u0107 druidzi kojarz\u0105 si\u0119 typowo z religi\u0105 Celt\u00f3w, to jednak w przekazach rzymskich i greckich postrzegamy ich o wiele bardziej jako filozof\u00f3w i m\u0119drc\u00f3w ni\u017c typowych kap\u0142an\u00f3w. Wiemy jednocze\u015bnie, \u017ce przewodzili w obrz\u0119dach i rytua\u0142ach, pos\u0142ugiwali si\u0119 magi\u0105 i wyznaczali daty \u015bwi\u0105t. Byli wi\u0119c kap\u0142anami, czy filozofami? Odpowied\u017a tkwi w fakcie, \u017ce tradycja druidyzmu wywodzi si\u0119 z religii naturalnej, a nie objawionej. Pe\u0142nili wi\u0119c funkcje, kt\u00f3re mo\u017cemy nazwa\u0107 kap\u0142a\u0144skimi, ale byli bardziej po\u015brednikami pomi\u0119dzy lud\u017ami a bogami. Kierowali obrz\u0119dami i rytua\u0142ami, aby umo\u017cliwi\u0107 ludziom \u201cspotkanie z bosko\u015bci\u0105\u201d.<\/p>\n\n\n\n<p>Dzisiaj mianem DRUIDA okre\u015bla si\u0119 osoby, kt\u00f3re obra\u0142y druidyzm za swoj\u0105 drog\u0119 b\u0105d\u017a osi\u0105gn\u0119\u0142y poziom \u201cdruida\u201d w jednym z funkcjonuj\u0105cych zakon\u00f3w i ugrupowa\u0144. W wi\u0119kszo\u015bci z nich etapy dzieli si\u0119 kolejno na trzy \u015bcie\u017cki: Barda &#8211; kt\u00f3ry budzi w nas artyst\u0119, tw\u00f3rc\u0119 i poet\u0119; Ovata &#8211; czyli wieszcza, badacza natury, znawc\u0119 zi\u00f3\u0142 i uzdrowiciela; oraz Druida &#8211; kt\u00f3ry pozwala nam odnale\u017a\u0107 w sobie m\u0119drca. Bez w\u0105tpienia jednak Bard, Ovat i Druid to jedna i ta sama osoba stoj\u0105ca na ziemi. Zar\u00f3wno poeta i szaman, uzdrowiciel i filozof &#8211; w sferze duchowej jak i fizycznej. <\/p>\n\n\n\n<p>My\u015bl\u0105c o druidach, wi\u0119kszo\u015b\u0107 ludzi ma przed oczami starca odzianego w pow\u0142\u00f3czyste szaty, posiadaj\u0105cego d\u0142ug\u0105 (koniecznie bia\u0142\u0105) brod\u0119. Ten obraz pochodzi przede wszystkim z epoki romantyzmu, gdzie postrzeganie druid\u00f3w zosta\u0142o mocno podkolorowane. Wiemy jednak, \u017ce stara tradycja druidyzmu pozwala\u0142a zosta\u0107 druidem dopiero po d\u0142ugoletnim szkoleniu, kt\u00f3re wed\u0142ug przekaz\u00f3w zajmowa\u0142o nawet do 20 lat. Jednak o wiele bli\u017cszym prawdzie zdaje si\u0119 by\u0107 okres 19 lat. Dlatego, \u017ce druidzi (prawie na pewno) pos\u0142ugiwali si\u0119 metod\u0105 obliczania czasu opartej na cyklu metonicznym (lunarnym). Nic wi\u0119c dziwnego, \u017ce po tak d\u0142ugoletnim szkoleniu postrzegamy druid\u00f3w jako starc\u00f3w. <\/p>\n\n\n\n<p>Dzisiaj Druidem mo\u017ce by\u0107 ka\u017cdy. My\u015bl\u0119, \u017ce to czy kto\u015b zas\u0142uguje na to miano weryfikuje najlepszy s\u0119dzia &#8211; \u017cycie. <\/p>\n\n\n\n<p>Jedn\u0105 z lepszych definicji wsp\u00f3\u0142czesnego druidyzmu jest ta, kt\u00f3r\u0105 s\u0142ysza\u0142em wielokrotnie od Eimear z Irlandii &#8211; obecnej \u201cChosen Chief\u201d Zakonu Bard\u00f3w, Ovat\u00f3w i Druid\u00f3w:<\/p>\n\n\n\n<p style=\"text-align:center\"><em>&#8222;Jest tyle definicji wsp\u00f3\u0142czesnego druidyzmu ilu jest druid\u00f3w.&#8221; <\/em><\/p>\n\n\n\n<p style=\"text-align:right\"> Pozdrawiam,<\/p>\n\n\n\n<p style=\"text-align:right\"><strong>Emrys \/|\\ <\/strong><\/p>\n","protected":false},"excerpt":{"rendered":"<p>W czasach staro\u017cytnych druid by\u0142 filozofem, doradc\u0105, nauczycielem i magiem. Cho\u0107 druidzi kojarz\u0105 si\u0119 typowo z religi\u0105 Celt\u00f3w, to jednak w przekazach rzymskich i greckich postrzegamy ich o wiele bardziej jako filozof\u00f3w i m\u0119drc\u00f3w ni\u017c<a class=\"read-more\" href=\"https:\/\/www.druidyzm.pl\/?p=289\">Continue reading<\/a><\/p>\n","protected":false},"author":1,"featured_media":432,"comment_status":"closed","ping_status":"open","sticky":false,"template":"","format":"standard","meta":{"ngg_post_thumbnail":0,"footnotes":""},"categories":[45,11],"tags":[4,7,39,8],"class_list":["post-289","post","type-post","status-publish","format-standard","has-post-thumbnail","hentry","category-druidyzm","category-filozofia","tag-druid","tag-druidyzm","tag-druidzi","tag-emrys"],"_links":{"self":[{"href":"https:\/\/www.druidyzm.pl\/index.php?rest_route=\/wp\/v2\/posts\/289","targetHints":{"allow":["GET"]}}],"collection":[{"href":"https:\/\/www.druidyzm.pl\/index.php?rest_route=\/wp\/v2\/posts"}],"about":[{"href":"https:\/\/www.druidyzm.pl\/index.php?rest_route=\/wp\/v2\/types\/post"}],"author":[{"embeddable":true,"href":"https:\/\/www.druidyzm.pl\/index.php?rest_route=\/wp\/v2\/users\/1"}],"replies":[{"embeddable":true,"href":"https:\/\/www.druidyzm.pl\/index.php?rest_route=%2Fwp%2Fv2%2Fcomments&post=289"}],"version-history":[{"count":1,"href":"https:\/\/www.druidyzm.pl\/index.php?rest_route=\/wp\/v2\/posts\/289\/revisions"}],"predecessor-version":[{"id":291,"href":"https:\/\/www.druidyzm.pl\/index.php?rest_route=\/wp\/v2\/posts\/289\/revisions\/291"}],"wp:featuredmedia":[{"embeddable":true,"href":"https:\/\/www.druidyzm.pl\/index.php?rest_route=\/wp\/v2\/media\/432"}],"wp:attachment":[{"href":"https:\/\/www.druidyzm.pl\/index.php?rest_route=%2Fwp%2Fv2%2Fmedia&parent=289"}],"wp:term":[{"taxonomy":"category","embeddable":true,"href":"https:\/\/www.druidyzm.pl\/index.php?rest_route=%2Fwp%2Fv2%2Fcategories&post=289"},{"taxonomy":"post_tag","embeddable":true,"href":"https:\/\/www.druidyzm.pl\/index.php?rest_route=%2Fwp%2Fv2%2Ftags&post=289"}],"curies":[{"name":"wp","href":"https:\/\/api.w.org\/{rel}","templated":true}]}}