{"id":158,"date":"2019-11-02T10:27:13","date_gmt":"2019-11-02T10:27:13","guid":{"rendered":"http:\/\/www.druidyzm.pl\/?p=158"},"modified":"2022-02-25T21:15:17","modified_gmt":"2022-02-25T21:15:17","slug":"misteria-druidow","status":"publish","type":"post","link":"https:\/\/www.druidyzm.pl\/?p=158","title":{"rendered":"Misteria Druid\u00f3w"},"content":{"rendered":"\n<p style=\"text-align:center\"><em> Wprowadzenie w Misteria Druid\u00f3w<\/em><\/p>\n\n\n\n<p>Opieraj\u0105c si\u0119 na tajemniczym i g\u0142\u0119bokim zwi\u0105zku mi\u0119dzy \u017ar\u00f3d\u0142em naszego w\u0142asnego \u017cycia a \u017ar\u00f3d\u0142em \u017cycia ca\u0142ej planety, wsp\u00f3\u0142czesny druidyzm uznaje osiem szczeg\u00f3lnych moment\u00f3w w ci\u0105gu rocznego cyklu, kt\u00f3re s\u0105 wyj\u0105tkowe i kt\u00f3re s\u0105 rozpoznawane przez osiem po\u015bwi\u0119conych im \u015bwi\u0105t \u2013 zwanych obrz\u0119dami lub te\u017c festiwalami.<br><\/p>\n\n\n\n<p>Spo\u015br\u00f3d tych o\u015bmiu \u015bwi\u0105t cztery s\u0105 po\u015bwi\u0119cone s\u0142o\u0144cu, a cztery ksi\u0119\u017cycowi \u2013 tworz\u0105c w ten spos\u00f3b r\u00f3wnowag\u0119 pomi\u0119dzy \u0142\u0105czeniem m\u0119skich i \u017ce\u0144skich form. W czasie przesilenia zimowego s\u0142o\u0144ce jest czczone w czasie pozornej \u015bmierci w \u015brodku zimy oraz w dniu jego maksymalnej mocy \u2013 czyli w czasie przesilenia letniego. W czasie r\u00f3wnonocy pomi\u0119dzy dniem i noc\u0105 panuje r\u00f3wnowaga. Jednak w czasie wiosennej r\u00f3wnonocy si\u0142a s\u0142o\u0144ca ro\u015bnie, a my \u015bwi\u0119tujemy czas siewu i przygotowania do dar\u00f3w lata. W czasie r\u00f3wnonocy jesiennej, chocia\u017c dzie\u0144 i noc kolejny raz znajduj\u0105 si\u0119 wzgl\u0119dem siebie w r\u00f3wnowadze, moc s\u0142o\u0144ca zaczyna s\u0142abn\u0105\u0107, a my dzi\u0119kujemy za dary \u017cniw i przygotowujemy si\u0119 na ciemno\u015b\u0107 zimy.<br><\/p>\n\n\n\n<p>Te cztery \u015bwi\u0119ta wynikaj\u0105 z obserwacji astronomicznej i mo\u017cemy by\u0107 pewni, \u017ce nasi przodkowie zaznaczyli te wyj\u0105tkowe zmiany cyklu w swojej obrz\u0119dowo\u015bci. Dowodem na to w formie materialnej s\u0105 cho\u0107by kamienne kr\u0119gi, kt\u00f3re w wielu przypadkach s\u0105 zorientowane na wschody i zachody s\u0142o\u0144ca w\u0142a\u015bnie w tych kluczowych dniach w roku. \u015awi\u0119ta te by\u0142y wyznacznikami \u017cycia \u00f3wczesnych ludzi tak bardzo zwi\u0105zanych z upraw\u0105 ro\u015blin. Jednak opr\u00f3cz tych czterech astronomicznych \u015bwi\u0105t, by\u0142y cztery inne, zwi\u0105zane z cyklem \u017cywego inwentarza.<\/p>\n\n\n\n<p>W Samhain czyli obecnie zwyczajowo przyj\u0119tym okresie mi\u0119dzy 31 pa\u017adziernika a 2 listopada, zwierz\u0119ta gospodarskie dla kt\u00f3rych nie by\u0142o wystarczaj\u0105cej ilo\u015bci paszy zostawa\u0142y ubite, a ich mi\u0119so solone i przechowywane. W Imbolc najcz\u0119\u015bciej obchodzonego 1 lutego rodzi\u0142y si\u0119 jagni\u0119ta. W Beltane, 1 maja nastawa\u0142 czas zap\u0142odnienia byd\u0142a i przej\u015bcia zwierz\u0105t hodowlanych przez bram\u0119 ogni Beltane w celu ich oczyszczenia i ochrony. Lugnasadh, 1 sierpnia by\u0142 czasem, kt\u00f3ry \u0142\u0105czy\u0142 zwi\u0105zek cyklu rolniczego i zwierz\u0119cego \u2013rozpoczyna\u0142y si\u0119 \u017cniwa aby zgromadzi\u0107 po\u017cywienie zar\u00f3wno dla ludzi jak i zwierz\u0105t. Te dwa \u015bwi\u0119ta pokazuj\u0105 znacznie wi\u0119cej ni\u017c tylko momenty przej\u015bcia, kt\u00f3re nasi przodkowie wybrali dla uhonorowania cyklu \u017cycia ro\u015blin i zwierz\u0105t. Pokazuj\u0105 g\u0142\u0119bokie po\u0142\u0105czenie z tymi formami. Kiedy analizujemy \u015bwi\u0119ta i ich znaczenie dostrzegamy jak splata si\u0119 \u017cycie naszych umys\u0142\u00f3w i naszego cia\u0142a, Ziemi oraz cykle s\u0142o\u0144ca i ksi\u0119\u017cyca. Dla ka\u017cdego \u015bwi\u0119ta zyskujemy po\u0142\u0105czenie z Czasem i Miejscem, kt\u00f3re jest do\u015b\u0107 niezwyk\u0142e.<\/p>\n","protected":false},"excerpt":{"rendered":"<p>Opieraj\u0105c si\u0119 na tajemniczym i g\u0142\u0119bokim zwi\u0105zku mi\u0119dzy \u017ar\u00f3d\u0142em naszego w\u0142asnego \u017cycia a \u017ar\u00f3d\u0142em \u017cycia ca\u0142ej planety, wsp\u00f3\u0142czesny druidyzm uznaje osiem szczeg\u00f3lnych moment\u00f3w w ci\u0105gu rocznego cyklu, kt\u00f3re s\u0105 wyj\u0105tkowe i kt\u00f3re s\u0105 rozpoznawane przez osiem po\u015bwi\u0119conych im \u015bwi\u0105t \u2013 zwanych obrz\u0119dami lub te\u017c festiwalami.<\/p>\n","protected":false},"author":1,"featured_media":428,"comment_status":"open","ping_status":"open","sticky":false,"template":"","format":"image","meta":{"ngg_post_thumbnail":0,"footnotes":""},"categories":[11,10],"tags":[39,8,9,40,35,41,38],"class_list":["post-158","post","type-post","status-publish","format-image","has-post-thumbnail","hentry","category-filozofia","category-swieta","tag-druidzi","tag-emrys","tag-macdara","tag-misteria","tag-obrzedy","tag-rytualy","tag-swieta","post_format-post-format-image"],"_links":{"self":[{"href":"https:\/\/www.druidyzm.pl\/index.php?rest_route=\/wp\/v2\/posts\/158","targetHints":{"allow":["GET"]}}],"collection":[{"href":"https:\/\/www.druidyzm.pl\/index.php?rest_route=\/wp\/v2\/posts"}],"about":[{"href":"https:\/\/www.druidyzm.pl\/index.php?rest_route=\/wp\/v2\/types\/post"}],"author":[{"embeddable":true,"href":"https:\/\/www.druidyzm.pl\/index.php?rest_route=\/wp\/v2\/users\/1"}],"replies":[{"embeddable":true,"href":"https:\/\/www.druidyzm.pl\/index.php?rest_route=%2Fwp%2Fv2%2Fcomments&post=158"}],"version-history":[{"count":2,"href":"https:\/\/www.druidyzm.pl\/index.php?rest_route=\/wp\/v2\/posts\/158\/revisions"}],"predecessor-version":[{"id":161,"href":"https:\/\/www.druidyzm.pl\/index.php?rest_route=\/wp\/v2\/posts\/158\/revisions\/161"}],"wp:featuredmedia":[{"embeddable":true,"href":"https:\/\/www.druidyzm.pl\/index.php?rest_route=\/wp\/v2\/media\/428"}],"wp:attachment":[{"href":"https:\/\/www.druidyzm.pl\/index.php?rest_route=%2Fwp%2Fv2%2Fmedia&parent=158"}],"wp:term":[{"taxonomy":"category","embeddable":true,"href":"https:\/\/www.druidyzm.pl\/index.php?rest_route=%2Fwp%2Fv2%2Fcategories&post=158"},{"taxonomy":"post_tag","embeddable":true,"href":"https:\/\/www.druidyzm.pl\/index.php?rest_route=%2Fwp%2Fv2%2Ftags&post=158"}],"curies":[{"name":"wp","href":"https:\/\/api.w.org\/{rel}","templated":true}]}}