{"id":150,"date":"2019-09-23T16:31:44","date_gmt":"2019-09-23T16:31:44","guid":{"rendered":"http:\/\/www.druidyzm.pl\/?p=150"},"modified":"2022-02-25T21:15:01","modified_gmt":"2022-02-25T21:15:01","slug":"znaczenie-obrzedow","status":"publish","type":"post","link":"https:\/\/www.druidyzm.pl\/?p=150","title":{"rendered":"Znaczenie Obrz\u0119d\u00f3w"},"content":{"rendered":"\n<p><em>Pisz\u0105c o zagadnieniach dotycz\u0105cych naszego umys\u0142u i naszej psychiki, warto rozwa\u017cy\u0107 znaczenie \u015bwi\u0105t w cyklu rocznym, w\u0142a\u015bnie pod wzgl\u0119dem ich sposobu odbioru oraz symboliki, jak\u0105 ze sob\u0105 nios\u0105. Kiedy je celebrujemy czcimy momenty, kt\u00f3re by\u0142y uznawane za \u015bwi\u0119te od ponad czterech tysi\u0119cy lat.<\/em><br><\/p>\n\n\n\n<p><strong>Cztery festiwale ognia s\u0105 zwi\u0105zane z kluczowymi etapami naszego \u017cycia:<\/strong><\/p>\n\n\n\n<p>Imbolc, przywo\u0142uje delikatno\u015b\u0107 i macierzy\u0144stwo, kt\u00f3rych potrzebujemy w pierwszych latach naszego \u017cycia na ziemi. Potrzebujemy ciszy Imbolc, \u015bwiec\u0105cych na wodzie \u015bwiec, Bogini Brigid, kt\u00f3ra \u015bpiewa nam ka\u017cdej nocy, kiedy zasypiamy.<\/p>\n\n\n\n<p>Kiedy stajemy si\u0119 nastolatkami potrzebujemy inicjacji Beltane, wiosny, w kt\u00f3rej si\u0142a naszej seksualno\u015bci przep\u0142ywa przez nasz\u0105 krew, wtedy te\u017c potrzeba nam przewodnictwa naszego rodu, plemienia, przodk\u00f3w i ich mit\u00f3w, a nie zaprzeczenia tej seksualno\u015bci i wi\u0105zania jej z lubie\u017cno\u015bci\u0105.<\/p>\n\n\n\n<p>Gdy stajemy si\u0119 m\u0142odymi doros\u0142ymi w czasie Lughnasadh, przychodzi czas, aby budowa\u0107 rodzin\u0119. Zasady jednak ulegaj\u0105 zmianie. Dziko\u015b\u0107 m\u0142odzie\u017cy musi ust\u0105pi\u0107 ograniczeniom doros\u0142o\u015bci, kt\u00f3re poci\u0105gaj\u0105 za sob\u0105 odpowiedzialno\u015b\u0107.<\/p>\n\n\n\n<p>Kiedy si\u0119 starzejemy, zbli\u017camy si\u0119 do Bramy Innego \u015awiata. Je\u015bli pod\u0105\u017cyli\u015bmy tak\u0105 drog\u0105 jak druidyzm, nastaje wtedy czas przygotowania do wielkiej przygody. Przez ten czas poznajemy naszych przewodnik\u00f3w i przyjaci\u00f3\u0142 w Innym \u015awiecie, kt\u00f3rzy nieustannie pokazuj\u0105 nam, \u017ce \u015bmier\u0107 jest niczym innym jak narodzinami na innej p\u0142aszczy\u017anie \u2013 posiadaj\u0105cej o wiele szersze horyzonty.<\/p>\n\n\n\n<p>Je\u015bli pracujemy z tym schematem druidyzmu, mamy szans\u0119 inwokowa\u0107 ka\u017cd\u0105 z tych faz naszego \u017cycia w ka\u017cdym kolejnym roku. Zupe\u0142nie tak jakby rok by\u0142 mikrokosmosem naszego ca\u0142ego \u017cycia. Wczesn\u0105 wiosn\u0105 otwieramy si\u0119 na dziecko, mieszkaj\u0105ce w ka\u017cdym z nas, szanujemy je, uznajemy i pozwalamy, by uzdrawiaj\u0105cy oddech Bogini Poezji delikatnie mu \u015bpiewa\u0142. W Beltane otwieramy si\u0119 na Boga i Bogini\u0119. Na m\u0142odo\u015b\u0107. Jakkolwiek jeste\u015bmy starzy, wiosna sprawia, \u017ce zn\u00f3w czujemy si\u0119 m\u0142odzi, a w Beltane przeskakujemy przez p\u0142omienie witalno\u015bci i m\u0142odo\u015bci pozwalaj\u0105c im od\u017cywi\u0107 nasze cia\u0142a i uzdrowi\u0107 dusze. Przechodz\u0105c dalej, dochodzimy do owoc\u00f3w naszej pracy, czyli Lughnasadh \u2013 plonami s\u0105 dzieci, ale i wszelkie dzie\u0142a, jakie powo\u0142ali\u015bmy do \u017cycia. Jest to czas satysfakcji z naszych osi\u0105gni\u0119\u0107. Wreszcie, w czasie Samhain mo\u017cemy otworzy\u0107 si\u0119 na rzeczywisto\u015b\u0107 innych \u015bwiat\u00f3w, na rzeczywisto\u015b\u0107 istnienia naszych przodk\u00f3w, kt\u00f3rzy przeszli przed nami, i kt\u00f3rzy wci\u0105\u017c \u017cyj\u0105, chocia\u017c nie ma ich razem z nami. Je\u015bli ka\u017cdego roku b\u0119dziemy \u015bwiadomi po\u0142\u0105czenia z Innym \u015awiatem, kiedy nadejdzie moment naszego przej\u015bcia, to po\u0142\u0105czenie da nam pewn\u0105 wiedz\u0119 i pozbawi nas strachu przed nieznanym. Dzieci wychowane w tradycji druidyzmu, b\u0119d\u0105 mia\u0142y jedynie ciep\u0142e uczucia w stosunku do tego innego kr\u00f3lestwa, zamiast by\u0107 przepe\u0142nionym strachem przed zgubn\u0105 wieczno\u015bci\u0105 w piekle, wywo\u0142anym przez zniekszta\u0142cone formy chrze\u015bcija\u0144stwa.<\/p>\n\n\n\n<p><strong>Pozosta\u0142e \u015bwi\u0119ta mo\u017cna om\u00f3wi\u0107 pod wzgl\u0119dem ich warto\u015bci symbolicznej:<\/strong><\/p>\n\n\n\n<p>Przesilenie Zimowe, Alban Arthan, to czas, w kt\u00f3rym otwieramy si\u0119 na si\u0142y inspiracji i pocz\u0119cia. Wszystko wok\u00f3\u0142 nas jest ciemno\u015bci\u0105. Naszym jedynym przewodnikiem jest Artur, Wielki Nied\u017awied\u017a, Gwiazda Polarna. W bezruchu nocy rodzi si\u0119 intuicja. Oddajemy wtedy wyj\u0105tkow\u0105 cze\u015b\u0107 kierunkowi p\u00f3\u0142nocnemu, kr\u00f3lestwie nocy i zimy. Przesilenie Zimowe to czas, w kt\u00f3rym \u017ar\u00f3d\u0142o \u015bwiat\u0142a, reprezentowane przez te wzniesione w obrz\u0119dzie, jak i przez rozdawane ludziom owoce jemio\u0142y, jest pocz\u0119te lub wcielone w \u0142onie ciemno\u015bci Matki Ziemi. Jest to wi\u0119c dobry czas, aby otworzy\u0107 si\u0119 na \u017cyzn\u0105 moc, pozwalaj\u0105c\u0105 zrodzi\u0107 nasz\u0105 kreatywno\u015b\u0107.<\/p>\n\n\n\n<p>R\u00f3wnonoc Wiosenna, Alban Eilir reprezentowana przez kierunek wschodu, to czas przyj\u0119cia \u2013 odbioru m\u0105dro\u015bci. Wsch\u00f3d zawsze by\u0142 kojarzony z m\u0105dro\u015bci\u0105 i o\u015bwieceniem. W\u0142a\u015bnie w tym czasie mo\u017cemy otworzy\u0107 si\u0119 na moce, kt\u00f3re mog\u0105 zapewni\u0107 nam dar wiedzy i poznania.<\/p>\n\n\n\n<p>Przesilenie letnie, Alban Hefin zwi\u0105zany z kierunkiem po\u0142udniowym to czas ekspresji \u2013 kiedy mo\u017cemy otworzy\u0107 si\u0119 na realizacj\u0119 naszych marze\u0144 i prac\u0119 w \u015bwiecie zewn\u0119trznym. Lato zawsze kojarzy si\u0119 nam z czasem najwi\u0119kszej energii na wykonanie zada\u0144, dlatego maj\u0105c tego \u015bwiadomo\u015b\u0107, mo\u017cemy wsp\u00f3\u0142pracowa\u0107 z t\u0105 energi\u0105.<\/p>\n\n\n\n<p>Najlepszym czasem wypoczynku i przerwy od zgie\u0142ku \u017cycia jest jesie\u0144, czyli Alban Elfed, na kierunku zachodnim, kiedy energia porusza si\u0119 w kierunku Przypomnienia, czyli ku cichemu gromadzeniu do\u015bwiadczenia lata.<\/p>\n\n\n\n<p>Kierunki i \u015bwi\u0119ta, kt\u00f3re zosta\u0142y tu wymienione, zajmuj\u0105 poszczeg\u00f3lne przestrzenie w kr\u0119gu, natomiast sam jego \u015brodek to miejsce integracji. Tutaj wszystkie cechy i dynamika znajduj\u0105 swoje miejsce spoczynku i miejsce tw\u00f3rczego zjednoczenia. Podczas wielu ceremonii, druidzi przenosz\u0105 \u015bwi\u0119te przedmioty i ofiary z obrze\u017ca kr\u0119gu do jego centrum \u2013 w ten spos\u00f3b wprowadzaj\u0105c ruch integracji na poziomie fizycznym, jednocze\u015bnie ugruntowuj\u0105c duchow\u0105 i psychologiczn\u0105 zasad\u0119 oddzia\u0142ywania z ich materi\u0105. \u015arodek okr\u0119gu reprezentuje Boga \/ Ja\u017a\u0144, S\u0142o\u0144ce i nasz\u0105 Dusz\u0119, \u017ar\u00f3d\u0142o wszelkiego bytu. Jest miejscem, w kt\u00f3rym wszystko spoczywa i owocuje.<\/p>\n\n\n\n<p>Widzimy teraz doskonale, jak wa\u017cne jest ko\u0142o roku, kiedy praktykuje si\u0119 \u015bcie\u017ck\u0119 druidyzmu. Kr\u0105g stanowi to magiczne miejsce, w kt\u00f3rym tocz\u0105 si\u0119 nasze codzienne, roczne i \u017cyciowe podr\u00f3\u017ce. S\u0105 one nierozerwalnie zwi\u0105zane z codziennym i rocznym cyklem natury, wraz z o\u015bmioma kierunkami ko\u0142a roku, z ich znaczeniem oraz duchowymi i psychologicznymi motywami. W centrum tego okr\u0119gu znajduje si\u0119 nieruchomy punkt istnienia. Ca\u0142a przestrze\u0144 kr\u0119gu staje si\u0119 nasz\u0105 sfer\u0105 wewn\u0119trznego dzia\u0142ania \u2013 jest to dla nas \u015bwi\u0119ty obszar, w kt\u00f3rym mo\u017cemy podr\u00f3\u017cowa\u0107 do innych \u015bwiat\u00f3w.<\/p>\n\n\n\n<p><em>Kr\u0105g w misteriach druid\u00f3w staje si\u0119 bram\u0105, kt\u00f3ra mo\u017ce nam da\u0107 dost\u0119p do ukrytych kr\u00f3lestw i odmiennych stan\u00f3w naszej \u015bwiadomo\u015bci.<\/em><\/p>\n","protected":false},"excerpt":{"rendered":"<p>Pisz\u0105c o zagadnieniach dotycz\u0105cych naszego umys\u0142u i naszej psychiki, warto rozwa\u017cy\u0107 znaczenie \u015bwi\u0105t w cyklu rocznym, w\u0142a\u015bnie pod wzgl\u0119dem ich sposobu odbioru oraz symboliki, jak\u0105 ze sob\u0105 nios\u0105. Kiedy je celebrujemy czcimy momenty, kt\u00f3re by\u0142y<a class=\"read-more\" href=\"https:\/\/www.druidyzm.pl\/?p=150\">Continue reading<\/a><\/p>\n","protected":false},"author":1,"featured_media":427,"comment_status":"open","ping_status":"open","sticky":false,"template":"","format":"standard","meta":{"ngg_post_thumbnail":0,"footnotes":""},"categories":[11],"tags":[36,37,35,38,16],"class_list":["post-150","post","type-post","status-publish","format-standard","has-post-thumbnail","hentry","category-filozofia","tag-druidow","tag-festiwal","tag-obrzedy","tag-swieta","tag-symbole"],"_links":{"self":[{"href":"https:\/\/www.druidyzm.pl\/index.php?rest_route=\/wp\/v2\/posts\/150","targetHints":{"allow":["GET"]}}],"collection":[{"href":"https:\/\/www.druidyzm.pl\/index.php?rest_route=\/wp\/v2\/posts"}],"about":[{"href":"https:\/\/www.druidyzm.pl\/index.php?rest_route=\/wp\/v2\/types\/post"}],"author":[{"embeddable":true,"href":"https:\/\/www.druidyzm.pl\/index.php?rest_route=\/wp\/v2\/users\/1"}],"replies":[{"embeddable":true,"href":"https:\/\/www.druidyzm.pl\/index.php?rest_route=%2Fwp%2Fv2%2Fcomments&post=150"}],"version-history":[{"count":4,"href":"https:\/\/www.druidyzm.pl\/index.php?rest_route=\/wp\/v2\/posts\/150\/revisions"}],"predecessor-version":[{"id":156,"href":"https:\/\/www.druidyzm.pl\/index.php?rest_route=\/wp\/v2\/posts\/150\/revisions\/156"}],"wp:featuredmedia":[{"embeddable":true,"href":"https:\/\/www.druidyzm.pl\/index.php?rest_route=\/wp\/v2\/media\/427"}],"wp:attachment":[{"href":"https:\/\/www.druidyzm.pl\/index.php?rest_route=%2Fwp%2Fv2%2Fmedia&parent=150"}],"wp:term":[{"taxonomy":"category","embeddable":true,"href":"https:\/\/www.druidyzm.pl\/index.php?rest_route=%2Fwp%2Fv2%2Fcategories&post=150"},{"taxonomy":"post_tag","embeddable":true,"href":"https:\/\/www.druidyzm.pl\/index.php?rest_route=%2Fwp%2Fv2%2Ftags&post=150"}],"curies":[{"name":"wp","href":"https:\/\/api.w.org\/{rel}","templated":true}]}}