{"id":134,"date":"2019-08-24T07:14:30","date_gmt":"2019-08-24T07:14:30","guid":{"rendered":"http:\/\/www.druidyzm.pl\/?p=134"},"modified":"2022-02-25T21:15:55","modified_gmt":"2022-02-25T21:15:55","slug":"legendy-wsi-lakorek","status":"publish","type":"post","link":"https:\/\/www.druidyzm.pl\/?p=134","title":{"rendered":"Legendy Wsi \u0141\u0105korek"},"content":{"rendered":"\n<p><strong>Ponad sto lat temu w jednej z ma\u0142ych wsi powiatu Nowomiejskiego zwanej w tamtych czasach Linkhorn, a obecnie \u0141\u0105korek, przyszed\u0142 na \u015bwiat niejaki&nbsp;Friedrich z rodziny Lange. Wykszta\u0142cony na znakomitego lekarza, na wieki zapisa\u0142 si\u0119 na kartach historii. Jak ka\u017cda wybitna posta\u0107, r\u00f3wnie\u017c i Lange otoczony jest mgie\u0142k\u0105 tajemnicy i mistycyzmu.&nbsp;<\/strong><\/p>\n\n\n\n<div class=\"wp-block-image\"><figure class=\"aligncenter is-resized\"><img loading=\"lazy\" decoding=\"async\" src=\"http:\/\/www.druidyzm.pl\/wp-content\/uploads\/2019\/08\/img-170627-8783-223154-1.jpg\" alt=\"\" class=\"wp-image-135\" width=\"523\" height=\"336\" srcset=\"https:\/\/www.druidyzm.pl\/wp-content\/uploads\/2019\/08\/img-170627-8783-223154-1.jpg 960w, https:\/\/www.druidyzm.pl\/wp-content\/uploads\/2019\/08\/img-170627-8783-223154-1-300x193.jpg 300w, https:\/\/www.druidyzm.pl\/wp-content\/uploads\/2019\/08\/img-170627-8783-223154-1-768x495.jpg 768w, https:\/\/www.druidyzm.pl\/wp-content\/uploads\/2019\/08\/img-170627-8783-223154-1-520x335.jpg 520w, https:\/\/www.druidyzm.pl\/wp-content\/uploads\/2019\/08\/img-170627-8783-223154-1-740x477.jpg 740w\" sizes=\"auto, (max-width: 523px) 100vw, 523px\" \/><figcaption>Pa\u0142ac w \u0141\u0105korku, rok 2015<\/figcaption><\/figure><\/div>\n\n\n\n<p><strong>Wprowadzenie<\/strong><br>B\u0119d\u0105c ju\u017c zas\u0142u\u017conym chirurgiem, kt\u00f3ry dodatkow\u0105 s\u0142aw\u0119 zyska\u0142, gdy przywr\u00f3ci\u0142 sprawno\u015b\u0107 r\u0119ki Ignacemu Janowi Paderewskiemu, po wielu latach na obczy\u017anie postanowi\u0142 wraz z \u017con\u0105 osiedli\u0107 si\u0119 w rodzinnych stronach swoich przodk\u00f3w. Niestety maj\u0105tek ziemski, w kt\u00f3rym przyszed\u0142 na \u015bwiat, z uwagi na przynale\u017cno\u015b\u0107 do mienia kr\u00f3lewskiego, nie by\u0142 na sprzeda\u017c. Friedrich Lange okaza\u0142 si\u0119 jednak nie tylko specjalist\u0105 w zakresie medycyny, ale i strategii. Zakupi\u0142 inny maj\u0105tek o zbli\u017conej warto\u015bci, aby nast\u0119pnie zamieni\u0107 go na sw\u00f3j po\u017c\u0105dany \u0141\u0105korek. Tak oto sta\u0142 si\u0119 w\u0142a\u015bcicielem ziemskim pot\u0119\u017cnego i wspania\u0142ego folwarku, w kt\u00f3rego sk\u0142ad wchodzi\u0142 pa\u0142ac i ma\u0142a osada oraz 9 jezior i m\u0142yny nad jeziorem \u0141\u0105korz i Paw\u0142\u00f3wek.<br><br><strong>Dobro czy plotki?<\/strong><br>Friedrich Lange s\u0142yn\u0105\u0142 ze swojej hojno\u015bci i dobroci. Miejscowa ludno\u015b\u0107 zna\u0142a go przede wszystkim z wizyt domowych i wielu inicjatyw charytatywnych. Jednak nawet tak dobra opinia nie by\u0142a bez skazy. Jak w przypadku wielu innych znanych os\u00f3b, cen\u0105 dorobku i s\u0142awy okaza\u0142a si\u0119 ciekawo\u015b\u0107 pospolitej ludno\u015bci. O Lange i jego dobytku kr\u0105\u017cy wiele legend, cz\u0119\u015b\u0107 z nich znana jest szerszej opinii publicznej, inne to osobiste prze\u017cycia os\u00f3b zwi\u0105zanych z maj\u0105tkiem.<br><br><strong>Wsz\u0119dzie masoneria!<\/strong><br>Wielu ludzi, kt\u00f3rzy swoim bogactwem czy wiedz\u0105 wyr\u00f3\u017cniali si\u0119 na tle szarego na tamten czas spo\u0142ecze\u0144stwa, zyska\u0142a wyt\u0142umaczenie swoich sukces\u00f3w w Wolnomularstwie, czyli pro\u015bciej m\u00f3wi\u0105c masonerii. Ten sam los spotka\u0142 Lange i jego \u017con\u0119. Czy byli cz\u0142onkami lo\u017cy? Nie ma na to \u017cadnych historycznych dowod\u00f3w, s\u0105 za to liczne przekazy od ludzi, kt\u00f3rzy obcowali z nimi na co dzie\u0144.&nbsp;<br><br><strong>Stare vs Nowe<\/strong><br>Lange w miejscu starego pa\u0142acu, kt\u00f3ry by\u0142 folwarkiem rycerskim, wybudowa\u0142 nowy dostosowany do swoich potrzeb. Pa\u0142ac do dzisiejszego dnia jest w miar\u0119 dobrym stanie, nie licz\u0105c kilku zarwanych pod\u0142\u00f3g, czy sypi\u0105cej si\u0119 elewacji. Z ka\u017cdym rokiem jednak przybywa zniszcze\u0144, a skarb jakim jest ten legendarny dworek popada w zapomnienie. Za czas\u00f3w obecno\u015bci Friedricha, w oczach miejscowej ludno\u015bci dworek zdawa\u0142 si\u0119 mieszkaniem godnym kr\u00f3la. Kute w \u017celazie ozdobne kraty, dworskie filary i kamienne balustrady by\u0142y ozdob\u0105 ogrodu. Wn\u0119trze pa\u0142acu r\u00f3wnie\u017c robi\u0142o wra\u017cenie. Nie brakowa\u0142o sali kominkowej, z pot\u0119\u017cnymi drewnianymi drzwiami, zasuwanymi wzd\u0142u\u017c sporego, przeszklonego salonu. G\u0142\u00f3wny hol charakteryzowa\u0142 si\u0119 wspania\u0142\u0105 r\u0119cznie rze\u017abion\u0105 balustrad\u0105 z motywami smoczych g\u0142\u00f3w. Dodaj\u0105c do tych pomieszcze\u0144 dodatki i ozdoby tamtego okresu, a tak\u017ce s\u0142abe, klimatyczne o\u015bwietlenie \u2014 otrzymujemy kadr z dobrego filmu. Trudno uwierzy\u0107, \u017ce te zdawa\u0107 by si\u0119 mog\u0142o odleg\u0142e czasy, mia\u0142y miejsce zaledwie sto lat temu.<br><br><em>To w\u0142a\u015bnie w scenerii pa\u0142acu odegra\u0142o si\u0119 kilka wa\u017cniejszych wydarze\u0144, kt\u00f3re zapad\u0142o w pami\u0119\u0107 miejscowej ludno\u015bci, a kt\u00f3re ja zebra\u0142em dla Was poni\u017cej. Historie te nie by\u0142y wcze\u015bniej publikowane, pochodz\u0105 bowiem z ustnego przekazu mieszka\u0144c\u00f3w \u0141\u0105korka, r\u00f3wnie\u017c tych kt\u00f3rzy pami\u0119tali Friedricha ze swojego dzieci\u0144stwa i z opowie\u015bci swoich bliskich, kt\u00f3rzy pracowali w folwarku.&nbsp;<\/em><br><br><strong>Czarny Pok\u00f3j<\/strong><br>W pa\u0142acu, kt\u00f3ry zamieszkiwa\u0142 Lange, w charakterze s\u0142u\u017cby pracowali ludzie mieszkaj\u0105cy w \u0141\u0105korku. W\u015br\u00f3d wielu z nich przetrwa\u0142a opowie\u015b\u0107 o sekretnym pokoju, kt\u00f3ry pomalowany by\u0142 na czarno. Mia\u0142o to by\u0107 pomieszczenie rytualne Friedricha i jego \u017cony, w kt\u00f3rym mieli oddawa\u0107 si\u0119 niegodziwym praktykom magicznym. Legenda ta by\u0142a popularna na tyle, \u017ce zacz\u0119\u0142a \u017cy\u0107 w\u0142asnym \u017cyciem i dzi\u015b mo\u017cna us\u0142ysze\u0107 o wielu r\u00f3\u017cnych wydarzeniach jakie mia\u0142y mie\u0107 miejsce w Czarnym Pokoju. Wed\u0142ug przekaz\u00f3w pracownik\u00f3w jedno pozostaje pewne \u2014 w maj\u0105tku by\u0142o zamkni\u0119te pomieszczenie, do kt\u00f3rego nikomu nie wolno by\u0142o wchodzi\u0107, a kt\u00f3rego zawarto\u015b\u0107 i cel pozostaje tajemnic\u0105 ma\u0142\u017ce\u0144stwa.<br><br><strong>Dieta Czarownicy<\/strong><br>Kolejnym godnym miana kr\u00f3lowej wiejskiej plotki przekazem jest taki, kt\u00f3ry dotyczy bezpo\u015brednio \u017cony Friedricha. By\u0142a ona podobno jeszcze bardziej tajemnicza ni\u017c sw\u00f3j ma\u0142\u017conek. Pracownicy folwarku podchodzili do niej z wielk\u0105 ostro\u017cno\u015bci\u0105 i szacunkiem. Od pewnego g\u0142o\u015bnego wydarzenia, zacz\u0119\u0142a wr\u0119cz budzi\u0107 strach i coraz cz\u0119\u015bciej pos\u0105dzano j\u0105 szeptem o czary. Wszystko przez\u2026 Diet\u0119. Wiadom\u0105 rzecz\u0105 dla s\u0142u\u017c\u0105cych w pa\u0142acu by\u0142o rygorystyczne przestrzeganie zakazu przyrz\u0105dzania konkretnej potrawy lub u\u017cywania konkretnego sk\u0142adnika w dworskiej kuchni. Jakiego? Ten szczeg\u00f3\u0142 nie przetrwa\u0142 pr\u00f3by czasu, jednak wydarzenie z tym zwi\u0105zane by\u0142o wystarczaj\u0105co zapami\u0119tane. Ot\u00f3\u017c pewnego dnia, gdy pa\u0144stwo Lange opu\u015bcili pa\u0142ac i rodzinne strony w jednej ze swoich licznych podr\u00f3\u017cy, kuchnia uzna\u0142a brak w\u0142a\u015bcicieli za wystarczaj\u0105ce usprawiedliwienie nieprzestrzegania ustalonych zasad. Zebrali si\u0119 wi\u0119c w kuchni, by przyrz\u0105dzi\u0107 zakazan\u0105 zazwyczaj potraw\u0119. Gdy zdawa\u0142o si\u0119, \u017ce apetyt niebawem zostanie zaspokojony, w progu kuchni z krzykiem ukaza\u0142a si\u0119 ubrana w czarn\u0105 sukni\u0119 Pani domu, gro\u017anie mierz\u0105c pracownik\u00f3w wzrokiem. Ze strachu, jedna z kucharek rzuci\u0142a w zjaw\u0119 rozgrzan\u0105 patelni\u0105, kt\u00f3r\u0105 akurat trzyma\u0142a w r\u0119ku. Zjawa zosta\u0142a przep\u0119dzona, bo znik\u0142a tak nagle, jak si\u0119 pojawi\u0142a. G\u0142odna s\u0142u\u017cba zgodnie stwierdzi\u0142a, \u017ce najlepiej b\u0119dzie utrzyma\u0107 to wydarzenie w tajemnicy, a o strasznej zjawie zapomnie\u0107. Niestety, cisza o z\u0142amanym zakazie nie trwa\u0142a d\u0142ugo. Wraz z powrotem Pani Domu, na twarze pracownik\u00f3w powr\u00f3ci\u0142 strach \u2014 bo jak si\u0119 okaza\u0142o, mia\u0142a blizn\u0119 w miejscu, w kt\u00f3rym kucharka oparzy\u0142a zjaw\u0119.<br><br><strong>Niejasne oblicze \u015amierci<\/strong><br>Ostatnim \u017cyczeniem Langiego, (kt\u00f3ry zmar\u0142 bez dziedzica) by\u0142o opr\u00f3cz przekazania ca\u0142ego maj\u0105tku na rzecz kraju i zakazu wycinania drzew przez minimum 50 lat od jego \u015bmierci, pochowanie jego zw\u0142ok w rodzinnej miejscowo\u015bci. Lokalna spo\u0142eczno\u015b\u0107 zagwarantowa\u0142a taki poch\u00f3wek. Friedrich spocz\u0105\u0142 na jednym ze wzg\u00f3rz, z kt\u00f3rego wida\u0107 pa\u0142ac, wie\u015b i ca\u0142e jezioro \u0141\u0105korz przylegaj\u0105ce do maj\u0105tku. O jego gr\u00f3b do dzisiaj dbaj\u0105 w\u0142adze gminy. To, kto spoczywa w grobie, pozostaje kwesti\u0105 sporn\u0105 kolejnej legendy. Silnym przekazem w\u015br\u00f3d potomk\u00f3w dawnych pracownik\u00f3w maj\u0105tku jest stwierdzenie, \u017ce wraz z Langim w grobie spocz\u0105\u0142 jego ukochany czarny ko\u0144, kt\u00f3ry cieszy\u0142 si\u0119 ogromn\u0105 sympati\u0105 w\u015br\u00f3d mieszka\u0144c\u00f3w Linkhornu, a tak\u017ce jego ogromny pies. Wed\u0142ug tej wersji zabrak\u0142o miejsca na \u017con\u0119, o niej \u2014 jak przysta\u0142o na domnieman\u0105 czarownic\u0119 \u2014 legendy milcz\u0105. Mniej znanym, ale bardziej racjonalnym przekazem jest opowie\u015b\u0107, \u017ce w grobie zar\u00f3wno Fridricha, jak i jego \u017cony pochowano czarnego konia, kt\u00f3rym lekarz podr\u00f3\u017cowa\u0142 do chorych, a kt\u00f3rego Lange uwielbia\u0142.<br><br><strong>Powracaj\u0105cy Duch<\/strong><br>Ta opowie\u015b\u0107 pochodzi z pierwszej r\u0119ki i mia\u0142a miejsce blisko sto lat po \u015bmierci Langiego. \u017bycie w \u0141\u0105korku toczy\u0142o si\u0119 jak na ka\u017cdej innej wsi. Dzie\u0144 zmierza\u0142 ku ko\u0144cowi, a m\u0142odzie\u017c jak co dnia zebra\u0142a si\u0119 na przystanku autobusowym, gdzie wsp\u00f3lnie sp\u0119dzali czas. Rozmowy tak porwa\u0142y m\u0142odych ludzi, \u017ce nim spostrzegli, otacza\u0142a ich noc. Wie\u015b powoli zasypia\u0142a i tylko nocne zwierz\u0119ta zdawa\u0142y si\u0119 coraz \u015bmielej odzywa\u0107. Gdy nasta\u0142 czas po\u017cegnania, z jednej strony drogi rozleg\u0142 si\u0119 przera\u017aliwie dono\u015bny stukot. M\u0142odzie\u017c zamilk\u0142a zaciekawiona, odwracaj\u0105c spojrzenie w kierunku odg\u0142os\u00f3w. W ciemno\u015bci nocy dostrzegli ma\u0142e, migocz\u0105ce \u015bwiate\u0142ko, kt\u00f3re wraz ze stukotem ko\u0144skich kopyt zbli\u017ca\u0142o si\u0119 w ich stron\u0119. Krok za krokiem i z ciemno\u015bci wynurzy\u0142 si\u0119 ko\u0144, a za nim ci\u0105gni\u0119ty przez niego w\u00f3z. Wielkie zdziwienie pojawi\u0142o si\u0119 na twarzach zebranych, nikt bowiem nie powozi\u0142 konno od wielu lat. Gdy w\u00f3z zbli\u017cy\u0142 si\u0119 do zamar\u0142ej ze strachu m\u0142odzie\u017cy, dostrzegli ubranego w ciemne p\u0142aszcze wo\u017anice ze starodawn\u0105 fajk\u0105 w ustach i naftow\u0105 lampk\u0105 doczepion\u0105 do wozu. Czarny ko\u0144 przemkn\u0105\u0142 obok nich i znikn\u0105\u0142 wraz ze swoim je\u017ad\u017acem w ciemno\u015bci, po drugiej stronie drogi. Stukot ucich\u0142 niespodziewanie i nigdzie nie da\u0142o si\u0119 dostrzec migocz\u0105cego \u015bwiat\u0142a wozu.<\/p>\n\n\n\n<figure class=\"wp-block-image\"><img decoding=\"async\" src=\"http:\/\/nemeton.pl\/wp-content\/uploads\/2018\/12\/linkhorn20063-223156-2844949.jpg\" alt=\"\" class=\"wp-image-287\"\/><\/figure>\n\n\n\n<p style=\"text-align:right\"><strong>Emrys MacDara<\/strong><\/p>\n","protected":false},"excerpt":{"rendered":"<p>Ponad sto lat temu w jednej z ma\u0142ych wsi powiatu Nowomiejskiego zwanej w tamtych czasach Linkhorn, a obecnie \u0141\u0105korek, przyszed\u0142 na \u015bwiat niejaki&nbsp;Friedrich z rodziny Lange. Wykszta\u0142cony na znakomitego lekarza, na wieki zapisa\u0142 si\u0119 na<a class=\"read-more\" href=\"https:\/\/www.druidyzm.pl\/?p=134\">Continue reading<\/a><\/p>\n","protected":false},"author":1,"featured_media":425,"comment_status":"open","ping_status":"open","sticky":false,"template":"","format":"standard","meta":{"ngg_post_thumbnail":0,"footnotes":""},"categories":[12],"tags":[7,8,29,26],"class_list":["post-134","post","type-post","status-publish","format-standard","has-post-thumbnail","hentry","category-legendy","tag-druidyzm","tag-emrys","tag-lakorek","tag-legendy"],"_links":{"self":[{"href":"https:\/\/www.druidyzm.pl\/index.php?rest_route=\/wp\/v2\/posts\/134","targetHints":{"allow":["GET"]}}],"collection":[{"href":"https:\/\/www.druidyzm.pl\/index.php?rest_route=\/wp\/v2\/posts"}],"about":[{"href":"https:\/\/www.druidyzm.pl\/index.php?rest_route=\/wp\/v2\/types\/post"}],"author":[{"embeddable":true,"href":"https:\/\/www.druidyzm.pl\/index.php?rest_route=\/wp\/v2\/users\/1"}],"replies":[{"embeddable":true,"href":"https:\/\/www.druidyzm.pl\/index.php?rest_route=%2Fwp%2Fv2%2Fcomments&post=134"}],"version-history":[{"count":2,"href":"https:\/\/www.druidyzm.pl\/index.php?rest_route=\/wp\/v2\/posts\/134\/revisions"}],"predecessor-version":[{"id":281,"href":"https:\/\/www.druidyzm.pl\/index.php?rest_route=\/wp\/v2\/posts\/134\/revisions\/281"}],"wp:featuredmedia":[{"embeddable":true,"href":"https:\/\/www.druidyzm.pl\/index.php?rest_route=\/wp\/v2\/media\/425"}],"wp:attachment":[{"href":"https:\/\/www.druidyzm.pl\/index.php?rest_route=%2Fwp%2Fv2%2Fmedia&parent=134"}],"wp:term":[{"taxonomy":"category","embeddable":true,"href":"https:\/\/www.druidyzm.pl\/index.php?rest_route=%2Fwp%2Fv2%2Fcategories&post=134"},{"taxonomy":"post_tag","embeddable":true,"href":"https:\/\/www.druidyzm.pl\/index.php?rest_route=%2Fwp%2Fv2%2Ftags&post=134"}],"curies":[{"name":"wp","href":"https:\/\/api.w.org\/{rel}","templated":true}]}}