{"id":1056,"date":"2023-05-26T09:01:55","date_gmt":"2023-05-26T09:01:55","guid":{"rendered":"https:\/\/www.druidyzm.pl\/?p=1056"},"modified":"2025-12-18T20:37:47","modified_gmt":"2025-12-18T20:37:47","slug":"taranis-moc-i-tajemnica-boga-burz","status":"publish","type":"post","link":"https:\/\/www.druidyzm.pl\/?p=1056","title":{"rendered":"TARANIS- moc i tajemnica boga burz"},"content":{"rendered":"\n<p>Staro\u017cytni Celtowie, ze swoj\u0105 bogat\u0105 i r\u00f3\u017cnorodn\u0105 mitologi\u0105, czcili panteon bog\u00f3w i bogi\u0144, kt\u00f3rzy reprezentowali r\u00f3\u017cne aspekty natury, si\u0142y i p\u0142odno\u015bci. W\u015br\u00f3d tych b\u00f3stw szczeg\u00f3lne miejsce zajmowa\u0142 Taranis, celtycki b\u00f3g piorun\u00f3w i nieba. Znany ze swojej niezwyk\u0142ej mocy, Taranis fascynowa\u0142 Celt\u00f3w, zostawiaj\u0105c po sobie trwa\u0142e dziedzictwo, kt\u00f3re nadal nas intryguje i inspiruje. W tym artykule zajmiemy si\u0119 tradycjami celtyckimi, aby odkry\u0107 tajemnice otaczaj\u0105ce Taranisa, badaj\u0105c jego cechy, symbole i trwa\u0142\u0105 obecno\u015b\u0107 w kulturze celtyckiej.<\/p>\n\n\n\n<p>Taranis, kt\u00f3rego imi\u0119 wywodzi si\u0119 od celtyckiego s\u0142owa oznaczaj\u0105cego \u201egrzmot\u201d (taran), by\u0142 bogiem zwi\u0105zanym z si\u0142ami natury, szczeg\u00f3lnie z burzami i niebem. Uciele\u015bnia\u0142 ogromn\u0105 moc i pierwotn\u0105 energi\u0119 piorun\u00f3w, pos\u0142uguj\u0105c si\u0119 nimi jako broni\u0105. Cz\u0119sto przedstawiany z ko\u0142em lub piorunem w r\u0119ku, Taranis symbolizowa\u0142 pot\u0119\u017cne si\u0142y natury. W mitologii celtyckiej czczono go jako b\u00f3stwo-wojownika, zazwyczaj ukazywanego jako m\u0119\u017cczyzna w \u015brednim wieku o silnej budowie i d\u0142ugiej brodzie. Cieszy\u0142 si\u0119 du\u017cym szacunkiem i zajmowa\u0142 czo\u0142ow\u0105 pozycj\u0119 w\u015br\u00f3d bog\u00f3w.<\/p>\n\n\n\n<p>Kult Taranisa by\u0142 rozpowszechniony w ca\u0142ym \u015bwiecie celtyckim, zw\u0142aszcza w Galii (dzisiejsza Francja), gdzie uwa\u017cano go za jedno z najwa\u017cniejszych b\u00f3stw. Staro\u017cytni Celtowie wierzyli, \u017ce oddawanie czci Taranisowi pomo\u017ce z\u0142agodzi\u0107 jego gniew i moc, zapewniaj\u0105c r\u00f3wnowag\u0119 pomi\u0119dzy si\u0142ami \u017cywio\u0142\u00f3w. Rytua\u0142y dla Taranisa cz\u0119sto obejmowa\u0142y sk\u0142adanie ofiar w celu zyskania jego \u0142aski i ochrony. Te dary zazwyczaj obejmowa\u0142y zwierz\u0119ta, zw\u0142aszcza byki, kt\u00f3re by\u0142y kojarzone z si\u0142\u0105 i moc\u0105. Celtowie gromadzili si\u0119 w \u015bwi\u0119tych gajach lub sanktuariach na wzg\u00f3rzach, rozpalali ogniska i wzywali Taranisa poprzez modlitwy i pie\u015bni. Odg\u0142os grzmotu interpretowano jako znak jego obecno\u015bci i aprobaty.<\/p>\n\n\n\n<p>Taranis by\u0142 \u015bci\u015ble zwi\u0105zany z symbolami, kt\u00f3re odzwierciedla\u0142y jego panowanie nad piorunami i niebem. Najwa\u017cniejszym symbolem przypisywanym mu by\u0142o ko\u0142o, kt\u00f3re mia\u0142o przedstawia\u0107 ruch nieba i rydwan zwi\u0105zany z burz\u0105. Ko\u0142o symbolizuje cykliczn\u0105 natur\u0119 i wieczny ruch niebios. Opr\u00f3cz ko\u0142a, Taranis by\u0142 tak\u017ce kojarzony z b\u0142yskawic\u0105, d\u0119bem i bykiem. B\u0142yskawica uciele\u015bnia\u0142a jego moc i zdolno\u015b\u0107 do wywo\u0142ywania niszczycielskich burz, podczas gdy d\u0105b symbolizowa\u0142 si\u0142\u0119 i wytrzyma\u0142o\u015b\u0107. Byki, sk\u0142adane w ofierze na jego cze\u015b\u0107, symbolizowa\u0142y p\u0142odno\u015b\u0107, obfito\u015b\u0107 i regeneracyjne si\u0142y natury.<\/p>\n\n\n\n<p>Cho\u0107 wiele informacji o Taranisie zagin\u0119\u0142o z biegiem lat, jego wp\u0142yw wci\u0105\u017c jest widoczny w r\u00f3\u017cnych aspektach wsp\u00f3\u0142czesnej kultury. Obrazy brodatego boga-wojownika dzier\u017c\u0105cego pioruny sta\u0142y si\u0119 popularnym przedstawieniem si\u0142y w sztuce, literaturze i gatunkach fantasy. Nie tylko Zeusa i Thora, ale r\u00f3wnie\u017c celtyckiego Taranisa. Zwi\u0105zek tego b\u00f3stwa z grzmotami i b\u0142yskawicami nadal rezonuje z nasz\u0105 fascynacj\u0105 si\u0142ami natury. Jego rola jako opiekuna i obro\u0144cy inspiruje ludzi, kt\u00f3rzy chc\u0105 znale\u017a\u0107 swoj\u0105 wewn\u0119trzn\u0105 si\u0142\u0119 i pokona\u0107 przeszkody. Wiele poga\u0144skich i druidycznych ruch\u00f3w czerpie z kultu Taranisa, w\u0142\u0105czaj\u0105c jego symbole i rytua\u0142y do swoich praktyk.<\/p>\n\n\n\n<p>Taranis, celtycki b\u00f3g piorun\u00f3w i nieba, pozostaje istotn\u0105 postaci\u0105 w mitologii celtyckiej. Dzi\u0119ki swojemu zwi\u0105zkowi z burzami i si\u0142\u0105 natury, Taranis wzbudza\u0142 i nadal wzbudza respekt. Cho\u0107 szczeg\u00f3\u0142y tego kultu z czasem uleg\u0142y zatarciu, jego obecno\u015b\u0107 trwa nieprzerwanie. Obrazy i symbole zwi\u0105zane z tym b\u00f3stwem wci\u0105\u017c inspiruj\u0105 wsp\u00f3\u0142czesn\u0105 wyobra\u017ani\u0119, przypominaj\u0105c o g\u0142\u0119bokim powi\u0105zaniu naszych tradycji ze \u015bwiatem przyrody i bosko\u015bci\u0105. Taranis przypomina o wiecznej pot\u0119dze natury i tajemnicach, kt\u00f3re kryj\u0105 si\u0119 w jej mocy, wobec kt\u00f3rych ludzie pozostaj\u0105 zale\u017cni i mali.<\/p>\n\n\n\n<p class=\"has-text-align-right\"><strong>Druid Emrys Kosek \/|\\<\/strong><\/p>\n\n\n<div class=\"wp-block-image\">\n<figure class=\"aligncenter size-full is-resized\"><img loading=\"lazy\" decoding=\"async\" width=\"940\" height=\"788\" src=\"http:\/\/www.druidyzm.pl\/wp-content\/uploads\/2023\/05\/Kopia-Kopia-Kopia-Cailleach-celtyckie-swieto-3.png\" alt=\"\" class=\"wp-image-1058\" style=\"width:633px;height:531px\" srcset=\"https:\/\/www.druidyzm.pl\/wp-content\/uploads\/2023\/05\/Kopia-Kopia-Kopia-Cailleach-celtyckie-swieto-3.png 940w, https:\/\/www.druidyzm.pl\/wp-content\/uploads\/2023\/05\/Kopia-Kopia-Kopia-Cailleach-celtyckie-swieto-3-300x251.png 300w, https:\/\/www.druidyzm.pl\/wp-content\/uploads\/2023\/05\/Kopia-Kopia-Kopia-Cailleach-celtyckie-swieto-3-768x644.png 768w, https:\/\/www.druidyzm.pl\/wp-content\/uploads\/2023\/05\/Kopia-Kopia-Kopia-Cailleach-celtyckie-swieto-3-520x436.png 520w, https:\/\/www.druidyzm.pl\/wp-content\/uploads\/2023\/05\/Kopia-Kopia-Kopia-Cailleach-celtyckie-swieto-3-740x620.png 740w\" sizes=\"auto, (max-width: 940px) 100vw, 940px\" \/><\/figure><\/div>\n\n\n<blockquote class=\"wp-block-quote has-small-font-size is-layout-flow wp-block-quote-is-layout-flow\">\n<p><em>Pot\u0119\u017cny Taranisie, panie piorun\u00f3w i nieba,<br>Wzywam twoj\u0105 pot\u0119\u017cn\u0105 obecno\u015b\u0107 z wysoka.<br>Z czci\u0105 i szacunkiem stoj\u0119 przed Tob\u0105,<br>Aby na nowo szuka\u0107 twego przewodnictwa i si\u0142y.<\/em><\/p>\n\n\n\n<p><em>Nios\u0105cy grzmoty, z piorunem w r\u0119ku,<br>Uwolnij swoj\u0105 si\u0142\u0119 na tej \u015bwi\u0119tej ziemi.<br>Daj mi odwag\u0119 i niezachwian\u0105 moc,<br>Aby stawi\u0107 czo\u0142a nowym wyzwaniom.<\/em><\/p>\n<\/blockquote>\n\n\n\n<p class=\"has-small-font-size\">Ta modlitwa jest przyk\u0142adem do inspiracji i mo\u017ce by\u0107 modyfikowana lub spersonalizowana zgodnie z twoimi przekonaniami i praktykami duchowymi. Nie kr\u0119puj si\u0119 dostosowa\u0107 jej do swoich intencji i relacji z Taranisem.<\/p>\n\n\n<div class=\"wp-block-image\">\n<figure class=\"aligncenter size-large\"><img loading=\"lazy\" decoding=\"async\" width=\"1024\" height=\"576\" src=\"https:\/\/www.druidyzm.pl\/wp-content\/uploads\/2023\/05\/taranis-celtic-god-of-thunder-1024x576.jpg\" alt=\"\" class=\"wp-image-1059\" srcset=\"https:\/\/www.druidyzm.pl\/wp-content\/uploads\/2023\/05\/taranis-celtic-god-of-thunder-1024x576.jpg 1024w, https:\/\/www.druidyzm.pl\/wp-content\/uploads\/2023\/05\/taranis-celtic-god-of-thunder-300x169.jpg 300w, https:\/\/www.druidyzm.pl\/wp-content\/uploads\/2023\/05\/taranis-celtic-god-of-thunder-768x432.jpg 768w, https:\/\/www.druidyzm.pl\/wp-content\/uploads\/2023\/05\/taranis-celtic-god-of-thunder-520x293.jpg 520w, https:\/\/www.druidyzm.pl\/wp-content\/uploads\/2023\/05\/taranis-celtic-god-of-thunder-740x416.jpg 740w, https:\/\/www.druidyzm.pl\/wp-content\/uploads\/2023\/05\/taranis-celtic-god-of-thunder.jpg 1280w\" sizes=\"auto, (max-width: 1024px) 100vw, 1024px\" \/><\/figure><\/div>","protected":false},"excerpt":{"rendered":"<p>Staro\u017cytni Celtowie, ze swoj\u0105 bogat\u0105 i r\u00f3\u017cnorodn\u0105 mitologi\u0105, czcili panteon bog\u00f3w i bogi\u0144, kt\u00f3rzy reprezentowali r\u00f3\u017cne aspekty natury, mocy i p\u0142odno\u015bci. W\u015br\u00f3d tych b\u00f3stw bardzo wa\u017cn\u0105 pozycj\u0119 zajmowa\u0142 Taranis, celtycki b\u00f3g piorun\u00f3w i nieba. Znany ze swojej budz\u0105cej podziw mocy, Taranis zaw\u0142adn\u0105\u0142 wyobra\u017ani\u0105 Celt\u00f3w, pozostawiaj\u0105c trwa\u0142e dziedzictwo, kt\u00f3re nadal nas intryguje i inspiruje. W tym artykule zag\u0142\u0119bimy si\u0119 w \u015bwiat tradycji celtyckiej, aby odkry\u0107 tajemnice otaczaj\u0105ce Taranisa: badaj\u0105c jego cechy, symbole i trwa\u0142\u0105 obecno\u015b\u0107 w kulturze celtyckiej.<\/p>\n","protected":false},"author":1,"featured_media":1057,"comment_status":"closed","ping_status":"open","sticky":false,"template":"","format":"standard","meta":{"ngg_post_thumbnail":0,"footnotes":""},"categories":[45],"tags":[139,127,145,4,7,39,142,43,98,81,77,144,141,143,100,41,16,138,140],"class_list":["post-1056","post","type-post","status-publish","format-standard","has-post-thumbnail","hentry","category-druidyzm","tag-bog-piorunow","tag-bogowie-celtow","tag-celtycka-modlitwa","tag-druid","tag-druidyzm","tag-druidzi","tag-druidzkie","tag-duchowosc","tag-emrys-kosek","tag-magia","tag-mitologia-celtycka","tag-modlitwa","tag-perun","tag-pioronow","tag-rytual-druidow","tag-rytualy","tag-symbole","tag-taranis","tag-thor"],"_links":{"self":[{"href":"https:\/\/www.druidyzm.pl\/index.php?rest_route=\/wp\/v2\/posts\/1056","targetHints":{"allow":["GET"]}}],"collection":[{"href":"https:\/\/www.druidyzm.pl\/index.php?rest_route=\/wp\/v2\/posts"}],"about":[{"href":"https:\/\/www.druidyzm.pl\/index.php?rest_route=\/wp\/v2\/types\/post"}],"author":[{"embeddable":true,"href":"https:\/\/www.druidyzm.pl\/index.php?rest_route=\/wp\/v2\/users\/1"}],"replies":[{"embeddable":true,"href":"https:\/\/www.druidyzm.pl\/index.php?rest_route=%2Fwp%2Fv2%2Fcomments&post=1056"}],"version-history":[{"count":4,"href":"https:\/\/www.druidyzm.pl\/index.php?rest_route=\/wp\/v2\/posts\/1056\/revisions"}],"predecessor-version":[{"id":1727,"href":"https:\/\/www.druidyzm.pl\/index.php?rest_route=\/wp\/v2\/posts\/1056\/revisions\/1727"}],"wp:featuredmedia":[{"embeddable":true,"href":"https:\/\/www.druidyzm.pl\/index.php?rest_route=\/wp\/v2\/media\/1057"}],"wp:attachment":[{"href":"https:\/\/www.druidyzm.pl\/index.php?rest_route=%2Fwp%2Fv2%2Fmedia&parent=1056"}],"wp:term":[{"taxonomy":"category","embeddable":true,"href":"https:\/\/www.druidyzm.pl\/index.php?rest_route=%2Fwp%2Fv2%2Fcategories&post=1056"},{"taxonomy":"post_tag","embeddable":true,"href":"https:\/\/www.druidyzm.pl\/index.php?rest_route=%2Fwp%2Fv2%2Ftags&post=1056"}],"curies":[{"name":"wp","href":"https:\/\/api.w.org\/{rel}","templated":true}]}}